{"id":5035,"date":"2017-07-27T15:01:03","date_gmt":"2017-07-27T13:01:03","guid":{"rendered":"https:\/\/palazzoravizza.it\/senza-categoria-fr\/stories-from-the-palio-the-origins-of-contrada-of-valdimontone-2\/"},"modified":"2017-07-27T15:01:03","modified_gmt":"2017-07-27T13:01:03","slug":"stories-from-the-palio-the-origins-of-contrada-of-valdimontone","status":"publish","type":"post","link":"https:\/\/palazzoravizza.it\/fr\/culture-fr\/stories-from-the-palio-the-origins-of-contrada-of-valdimontone\/","title":{"rendered":"Stories from the Palio: the origins of Contrada of Valdimontone"},"content":{"rendered":"<p>There is a Contrada whose name isn&rsquo;t apparently derived from an animal, has not changed over the centuries and is strongly linked to the territory where it was born: this Contrada is <strong>Valdimontone<\/strong> (Valley of the Ram), one of the ten participants in the next Palio edition, on 16th August 2017.<br \/>\nThe origins of Valley of the Ram are wrapped in legend, as there are 4 theories related to the name: it could be derived from Montorio or Montonio, a Roman centurion who was sent by Romulus to Siena to capture his two rebellious nephews, Senio and Ascanio, founders of Siena.<br \/>\nAnother theory refers to the presence of shepherds with many flocks of sheep grazing in the fertile valley that gives the name to Valdimontone, while, according to other sources, the name comes from Castello de Montone, where the forefather of the noble Sienese family of Montone Piccolomini lived.<\/p>\n<p>The fourth theory states that the name comes from <strong>\u00ab\u00a0Mons Magnum\u00a0\u00bb<\/strong>, the name of the hill on which the Contrada extends, and is the most likely origin since it is also attested by a document dating back to 1205.<br \/>\nThe Contrada di Valdimontone is part of the Terzo di San Martino (for further info about the Terzi of Siena, we refer you to the post <a href=\"https:\/\/palazzoravizza.it\/en\/news-itinerari\/how-to-visit-siena-exploring-the-terzi\/\" target=\"_blank\">How to visit Siena by exploring the Terzi<\/a> \u00a0and corresponds to the area delimited by Via di Valdimontone, via Roma, via di Porta Giustizia , Via del Sole, part of Via Pagliaresi, part of via Pantaneto, Via San Girolamo, Via delle Cantine, Via dei Servi, Via San Clemente, Piazza Alessandro Manzoni and Pulcetino alley. From here passes the Via Francigena, the route followed by pilgrims from all over the world, an itinerary that became the favorite choice by slow tourists in the last years.<\/p>\n<div id=\"attachment_5025\" style=\"width: 810px\" class=\"wp-caption aligncenter\"><img aria-describedby=\"caption-attachment-5025\" class=\"wp-image-5025 size-full\" data-original=\"https:\/\/palazzoravizza.it\/wp-content\/uploads\/2017\/07\/Valdimontone-2.jpg\" =\"Storie del Palio: le origini della Contrada di Valdimontone\" width=\"800\" height=\"1071\" \/><p id=\"caption-attachment-5025\" class=\"wp-caption-text\">Credits: Di Gscara98 (Opera propria) [CC BY-SA 4.0 (http:\/\/creativecommons.org\/licenses\/by-sa\/4.0)], attraverso Wikimedia Commons<\/p><\/div>\n<h2>Things to know about Valdimontone<\/h2>\n<p>&nbsp;<\/p>\n<p>This Contrada won 44 Palios, the last time was in 2012 with the jockey <strong>Jonatan Bartoletti<\/strong>, nicknamed Scompiglio, on horseback to Lo Specialista (Bartoletti is the same jockey who won the Palio on 2nd July 2017, running for the Giraffe Contrada) and was the first Contrada being officially disqualified, in 1966.<\/p>\n<p>That ban was due to a series of violent episodes and the arrest of two members of Valdimontone Contrada who had pursued the starter Cappelli (the starter, named mossiere in Italian, is a sort of judge who, lowering the canape, starts the race of the horses and decides whether race is valid).<br \/>\nThe Palio on 17th August 1966, postponed due to the violent controversy, was won by Antonio Trinetti called Canapetta for the Contrada of the Snail.<\/p>\n<p>About the territory of the Contrada, it&rsquo;s useful to know that its museum is located in Via Valdimontone 6, the patron saint is Maria Santissima del Buon Consiglio and its church is dedicated to the Santissima Trinit\u00e0 and is next to the Basilica of Santa Maria dei Servi. Inside the church you can admire frescoes from the XVI and XVII centuries (made by the Sienese artists Nasini, Salimbeni and Casolani).<\/p>\n<p>The Contrada Coat of Arms depicts a rampant sheep (the animal with which the Contrada is identified) on a golden field surmounted by a ducal crown and with a U letter on the upper left, surmounted by the Royal Crown.<br \/>\nThe official colors are red and yellow with white trim, however, in the Palio racing, the jockey dresses pink jumper and trousers with white and yellow threads to stand out from that of the Snail.<\/p>\n<div id=\"attachment_5026\" style=\"width: 960px\" class=\"wp-caption aligncenter\"><img aria-describedby=\"caption-attachment-5026\" class=\"wp-image-5026 size-full\" data-original=\"https:\/\/palazzoravizza.it\/wp-content\/uploads\/2017\/07\/Valdimontone-3.jpg\" =\"Palio di Siena fantino di Valdimontone-\" width=\"950\" height=\"634\" \/><p id=\"caption-attachment-5026\" class=\"wp-caption-text\">Credits: Janus Kinase https:\/\/flic.kr\/p\/9Yu5Nk<\/p><\/div>\n<p>Rivalries are a common trait for all the Contrada, in this case the only one is acclaimed with Nicchio, dating back to the XVIII century but officially declared only in 1952.<br \/>\nThis is one of the most glowing rivalries in Siena, witnessed by clashes between jockeys during and after the Palio, as happened on 17th August 2015.<\/p>\n<p>Other interesting things to know about Valdimontone: their motto is \u201cSotto il mio colpo la muraglia crolla\u201d (Under my blow the wall collapses), referring to the power of the battering ram, and the name of the Contrada&rsquo;s magazine \u00ab\u00a0Pochi ma boni\u00a0\u00bb, where you can find all the news about upcoming events.<br \/>\nValdimontone&rsquo;s official site is\u00a0<a href=\"https:\/\/www.valdimontone.it\/\" target=\"_blank\" rel=\"nofollow\">www.valdimontone.it<\/a>, we suggest you check it to arrange a visit to the Contrada Museum and get in touch with the tradition of the Palio, the most important for Sienese people.<\/p>\n","protected":false},"excerpt":{"rendered":"There is a Contrada whose name isn&rsquo;t apparently derived from an animal, has not changed over the centuries and is strongly linked to the territory where it was born: this Contrada is Valdimontone (Valley of the Ram), one of the ten participants in the next Palio edition, on 16th August 2017.","protected":false},"author":4,"featured_media":5022,"comment_status":"open","ping_status":"open","sticky":false,"template":"","format":"standard","meta":{"footnotes":""},"categories":[66],"tags":[553,1878,1879],"class_list":["post-5035","post","type-post","status-publish","format-standard","has-post-thumbnail","hentry","category-culture-fr","tag-palio-of-siena-fr","tag-contrada-of-siena-fr","tag-valley-of-the-ram-origins-fr"],"yoast_head":"<!-- This site is optimized with the Yoast SEO plugin v28.3 - https:\/\/yoast.com\/product\/yoast-seo-wordpress\/ -->\n<title>Stories from the Palio: the origins of Contrada of Valdimontone<\/title>\n<meta name=\"description\" content=\"Stories from the Palio: the origins of Contrada of Valdimontone. Read the oddities about one of the most ancient Contrada in town.\" \/>\n<meta name=\"robots\" content=\"index, follow, max-snippet:-1, max-image-preview:large, max-video-preview:-1\" \/>\n<link rel=\"canonical\" href=\"https:\/\/palazzoravizza.it\/cultura\/storie-del-palio-le-origini-della-contrada-di-valdimontone\/\" \/>\n<meta property=\"og:locale\" content=\"fr_FR\" \/>\n<meta property=\"og:type\" content=\"article\" \/>\n<meta property=\"og:title\" content=\"Stories from the Palio: the origins of Contrada of Valdimontone\" \/>\n<meta property=\"og:description\" content=\"Stories from the Palio: the origins of Contrada of Valdimontone. Read the oddities about one of the most ancient Contrada in town.\" \/>\n<meta property=\"og:url\" content=\"https:\/\/palazzoravizza.it\/cultura\/storie-del-palio-le-origini-della-contrada-di-valdimontone\/\" \/>\n<meta property=\"og:site_name\" content=\"Palazzo Ravizza\" \/>\n<meta property=\"article:published_time\" content=\"2017-07-27T13:01:03+00:00\" \/>\n<meta property=\"og:image\" content=\"https:\/\/palazzoravizza.it\/wp-content\/uploads\/2017\/07\/Valdimontone-1.jpg\" \/>\n\t<meta property=\"og:image:width\" content=\"800\" \/>\n\t<meta property=\"og:image:height\" content=\"547\" \/>\n\t<meta property=\"og:image:type\" content=\"image\/jpeg\" \/>\n<meta name=\"author\" content=\"Hotel Ravizza\" \/>\n<meta name=\"twitter:label1\" content=\"\u00c9crit par\" \/>\n\t<meta name=\"twitter:data1\" content=\"Hotel Ravizza\" \/>\n\t<meta name=\"twitter:label2\" content=\"Dur\u00e9e de lecture estim\u00e9e\" \/>\n\t<meta name=\"twitter:data2\" content=\"4 minutes\" \/>\n<script type=\"application\/ld+json\" class=\"yoast-schema-graph\">{\"@context\":\"https:\\\/\\\/schema.org\",\"@graph\":[{\"@type\":\"Article\",\"@id\":\"https:\\\/\\\/palazzoravizza.it\\\/cultura\\\/storie-del-palio-le-origini-della-contrada-di-valdimontone\\\/#article\",\"isPartOf\":{\"@id\":\"https:\\\/\\\/palazzoravizza.it\\\/cultura\\\/storie-del-palio-le-origini-della-contrada-di-valdimontone\\\/\"},\"author\":{\"name\":\"Hotel Ravizza\",\"@id\":\"https:\\\/\\\/palazzoravizza.it\\\/#\\\/schema\\\/person\\\/db1710d288359b18ae679882382c9a68\"},\"headline\":\"Stories from the Palio: the origins of Contrada of Valdimontone\",\"datePublished\":\"2017-07-27T13:01:03+00:00\",\"mainEntityOfPage\":{\"@id\":\"https:\\\/\\\/palazzoravizza.it\\\/cultura\\\/storie-del-palio-le-origini-della-contrada-di-valdimontone\\\/\"},\"wordCount\":761,\"commentCount\":0,\"image\":{\"@id\":\"https:\\\/\\\/palazzoravizza.it\\\/cultura\\\/storie-del-palio-le-origini-della-contrada-di-valdimontone\\\/#primaryimage\"},\"thumbnailUrl\":\"https:\\\/\\\/palazzoravizza.it\\\/wp-content\\\/uploads\\\/2017\\\/07\\\/Valdimontone-1.jpg\",\"keywords\":[\"palio of siena @fr\",\"Contrada of Siena @fr\",\"Valley of the Ram origins @fr\"],\"articleSection\":[\"Culture @fr\"],\"inLanguage\":\"fr-FR\",\"potentialAction\":[{\"@type\":\"CommentAction\",\"name\":\"Comment\",\"target\":[\"https:\\\/\\\/palazzoravizza.it\\\/cultura\\\/storie-del-palio-le-origini-della-contrada-di-valdimontone\\\/#respond\"]}]},{\"@type\":\"WebPage\",\"@id\":\"https:\\\/\\\/palazzoravizza.it\\\/cultura\\\/storie-del-palio-le-origini-della-contrada-di-valdimontone\\\/\",\"url\":\"https:\\\/\\\/palazzoravizza.it\\\/cultura\\\/storie-del-palio-le-origini-della-contrada-di-valdimontone\\\/\",\"name\":\"Stories from the Palio: the origins of Contrada of Valdimontone\",\"isPartOf\":{\"@id\":\"https:\\\/\\\/palazzoravizza.it\\\/#website\"},\"primaryImageOfPage\":{\"@id\":\"https:\\\/\\\/palazzoravizza.it\\\/cultura\\\/storie-del-palio-le-origini-della-contrada-di-valdimontone\\\/#primaryimage\"},\"image\":{\"@id\":\"https:\\\/\\\/palazzoravizza.it\\\/cultura\\\/storie-del-palio-le-origini-della-contrada-di-valdimontone\\\/#primaryimage\"},\"thumbnailUrl\":\"https:\\\/\\\/palazzoravizza.it\\\/wp-content\\\/uploads\\\/2017\\\/07\\\/Valdimontone-1.jpg\",\"datePublished\":\"2017-07-27T13:01:03+00:00\",\"author\":{\"@id\":\"https:\\\/\\\/palazzoravizza.it\\\/#\\\/schema\\\/person\\\/db1710d288359b18ae679882382c9a68\"},\"description\":\"Stories from the Palio: the origins of Contrada of Valdimontone. Read the oddities about one of the most ancient Contrada in town.\",\"breadcrumb\":{\"@id\":\"https:\\\/\\\/palazzoravizza.it\\\/cultura\\\/storie-del-palio-le-origini-della-contrada-di-valdimontone\\\/#breadcrumb\"},\"inLanguage\":\"fr-FR\",\"potentialAction\":[{\"@type\":\"ReadAction\",\"target\":[\"https:\\\/\\\/palazzoravizza.it\\\/cultura\\\/storie-del-palio-le-origini-della-contrada-di-valdimontone\\\/\"]}]},{\"@type\":\"ImageObject\",\"inLanguage\":\"fr-FR\",\"@id\":\"https:\\\/\\\/palazzoravizza.it\\\/cultura\\\/storie-del-palio-le-origini-della-contrada-di-valdimontone\\\/#primaryimage\",\"url\":\"https:\\\/\\\/palazzoravizza.it\\\/wp-content\\\/uploads\\\/2017\\\/07\\\/Valdimontone-1.jpg\",\"contentUrl\":\"https:\\\/\\\/palazzoravizza.it\\\/wp-content\\\/uploads\\\/2017\\\/07\\\/Valdimontone-1.jpg\",\"width\":800,\"height\":547,\"caption\":\"Stories from the Palio: the origins of Contrada of Valdimontone\"},{\"@type\":\"BreadcrumbList\",\"@id\":\"https:\\\/\\\/palazzoravizza.it\\\/cultura\\\/storie-del-palio-le-origini-della-contrada-di-valdimontone\\\/#breadcrumb\",\"itemListElement\":[{\"@type\":\"ListItem\",\"position\":1,\"name\":\"Home\",\"item\":\"https:\\\/\\\/palazzoravizza.it\\\/fr\\\/\"},{\"@type\":\"ListItem\",\"position\":2,\"name\":\"Stories from the Palio: the origins of Contrada of Valdimontone\"}]},{\"@type\":\"WebSite\",\"@id\":\"https:\\\/\\\/palazzoravizza.it\\\/#website\",\"url\":\"https:\\\/\\\/palazzoravizza.it\\\/\",\"name\":\"Palazzo Ravizza\",\"description\":\"\",\"potentialAction\":[{\"@type\":\"SearchAction\",\"target\":{\"@type\":\"EntryPoint\",\"urlTemplate\":\"https:\\\/\\\/palazzoravizza.it\\\/?s={search_term_string}\"},\"query-input\":{\"@type\":\"PropertyValueSpecification\",\"valueRequired\":true,\"valueName\":\"search_term_string\"}}],\"inLanguage\":\"fr-FR\"},{\"@type\":\"Person\",\"@id\":\"https:\\\/\\\/palazzoravizza.it\\\/#\\\/schema\\\/person\\\/db1710d288359b18ae679882382c9a68\",\"name\":\"Hotel Ravizza\",\"image\":{\"@type\":\"ImageObject\",\"inLanguage\":\"fr-FR\",\"@id\":\"https:\\\/\\\/secure.gravatar.com\\\/avatar\\\/447fa6dac0d0c8dbfd09ea848ad0660f44bce639d99c05531c4714ec1977a0ec?s=96&d=mm&r=g\",\"url\":\"https:\\\/\\\/secure.gravatar.com\\\/avatar\\\/447fa6dac0d0c8dbfd09ea848ad0660f44bce639d99c05531c4714ec1977a0ec?s=96&d=mm&r=g\",\"contentUrl\":\"https:\\\/\\\/secure.gravatar.com\\\/avatar\\\/447fa6dac0d0c8dbfd09ea848ad0660f44bce639d99c05531c4714ec1977a0ec?s=96&d=mm&r=g\",\"caption\":\"Hotel Ravizza\"},\"url\":\"https:\\\/\\\/palazzoravizza.it\\\/fr\\\/author\\\/hotel-ravizza\\\/\"}]}<\/script>\n<!-- \/ Yoast SEO plugin. -->","yoast_head_json":{"title":"Stories from the Palio: the origins of Contrada of Valdimontone","description":"Stories from the Palio: the origins of Contrada of Valdimontone. Read the oddities about one of the most ancient Contrada in town.","robots":{"index":"index","follow":"follow","max-snippet":"max-snippet:-1","max-image-preview":"max-image-preview:large","max-video-preview":"max-video-preview:-1"},"canonical":"https:\/\/palazzoravizza.it\/cultura\/storie-del-palio-le-origini-della-contrada-di-valdimontone\/","og_locale":"fr_FR","og_type":"article","og_title":"Stories from the Palio: the origins of Contrada of Valdimontone","og_description":"Stories from the Palio: the origins of Contrada of Valdimontone. Read the oddities about one of the most ancient Contrada in town.","og_url":"https:\/\/palazzoravizza.it\/cultura\/storie-del-palio-le-origini-della-contrada-di-valdimontone\/","og_site_name":"Palazzo Ravizza","article_published_time":"2017-07-27T13:01:03+00:00","og_image":[{"width":800,"height":547,"url":"https:\/\/palazzoravizza.it\/wp-content\/uploads\/2017\/07\/Valdimontone-1.jpg","type":"image\/jpeg"}],"author":"Hotel Ravizza","twitter_misc":{"\u00c9crit par":"Hotel Ravizza","Dur\u00e9e de lecture estim\u00e9e":"4 minutes"},"schema":{"@context":"https:\/\/schema.org","@graph":[{"@type":"Article","@id":"https:\/\/palazzoravizza.it\/cultura\/storie-del-palio-le-origini-della-contrada-di-valdimontone\/#article","isPartOf":{"@id":"https:\/\/palazzoravizza.it\/cultura\/storie-del-palio-le-origini-della-contrada-di-valdimontone\/"},"author":{"name":"Hotel Ravizza","@id":"https:\/\/palazzoravizza.it\/#\/schema\/person\/db1710d288359b18ae679882382c9a68"},"headline":"Stories from the Palio: the origins of Contrada of Valdimontone","datePublished":"2017-07-27T13:01:03+00:00","mainEntityOfPage":{"@id":"https:\/\/palazzoravizza.it\/cultura\/storie-del-palio-le-origini-della-contrada-di-valdimontone\/"},"wordCount":761,"commentCount":0,"image":{"@id":"https:\/\/palazzoravizza.it\/cultura\/storie-del-palio-le-origini-della-contrada-di-valdimontone\/#primaryimage"},"thumbnailUrl":"https:\/\/palazzoravizza.it\/wp-content\/uploads\/2017\/07\/Valdimontone-1.jpg","keywords":["palio of siena @fr","Contrada of Siena @fr","Valley of the Ram origins @fr"],"articleSection":["Culture @fr"],"inLanguage":"fr-FR","potentialAction":[{"@type":"CommentAction","name":"Comment","target":["https:\/\/palazzoravizza.it\/cultura\/storie-del-palio-le-origini-della-contrada-di-valdimontone\/#respond"]}]},{"@type":"WebPage","@id":"https:\/\/palazzoravizza.it\/cultura\/storie-del-palio-le-origini-della-contrada-di-valdimontone\/","url":"https:\/\/palazzoravizza.it\/cultura\/storie-del-palio-le-origini-della-contrada-di-valdimontone\/","name":"Stories from the Palio: the origins of Contrada of Valdimontone","isPartOf":{"@id":"https:\/\/palazzoravizza.it\/#website"},"primaryImageOfPage":{"@id":"https:\/\/palazzoravizza.it\/cultura\/storie-del-palio-le-origini-della-contrada-di-valdimontone\/#primaryimage"},"image":{"@id":"https:\/\/palazzoravizza.it\/cultura\/storie-del-palio-le-origini-della-contrada-di-valdimontone\/#primaryimage"},"thumbnailUrl":"https:\/\/palazzoravizza.it\/wp-content\/uploads\/2017\/07\/Valdimontone-1.jpg","datePublished":"2017-07-27T13:01:03+00:00","author":{"@id":"https:\/\/palazzoravizza.it\/#\/schema\/person\/db1710d288359b18ae679882382c9a68"},"description":"Stories from the Palio: the origins of Contrada of Valdimontone. Read the oddities about one of the most ancient Contrada in town.","breadcrumb":{"@id":"https:\/\/palazzoravizza.it\/cultura\/storie-del-palio-le-origini-della-contrada-di-valdimontone\/#breadcrumb"},"inLanguage":"fr-FR","potentialAction":[{"@type":"ReadAction","target":["https:\/\/palazzoravizza.it\/cultura\/storie-del-palio-le-origini-della-contrada-di-valdimontone\/"]}]},{"@type":"ImageObject","inLanguage":"fr-FR","@id":"https:\/\/palazzoravizza.it\/cultura\/storie-del-palio-le-origini-della-contrada-di-valdimontone\/#primaryimage","url":"https:\/\/palazzoravizza.it\/wp-content\/uploads\/2017\/07\/Valdimontone-1.jpg","contentUrl":"https:\/\/palazzoravizza.it\/wp-content\/uploads\/2017\/07\/Valdimontone-1.jpg","width":800,"height":547,"caption":"Stories from the Palio: the origins of Contrada of Valdimontone"},{"@type":"BreadcrumbList","@id":"https:\/\/palazzoravizza.it\/cultura\/storie-del-palio-le-origini-della-contrada-di-valdimontone\/#breadcrumb","itemListElement":[{"@type":"ListItem","position":1,"name":"Home","item":"https:\/\/palazzoravizza.it\/fr\/"},{"@type":"ListItem","position":2,"name":"Stories from the Palio: the origins of Contrada of Valdimontone"}]},{"@type":"WebSite","@id":"https:\/\/palazzoravizza.it\/#website","url":"https:\/\/palazzoravizza.it\/","name":"Palazzo Ravizza","description":"","potentialAction":[{"@type":"SearchAction","target":{"@type":"EntryPoint","urlTemplate":"https:\/\/palazzoravizza.it\/?s={search_term_string}"},"query-input":{"@type":"PropertyValueSpecification","valueRequired":true,"valueName":"search_term_string"}}],"inLanguage":"fr-FR"},{"@type":"Person","@id":"https:\/\/palazzoravizza.it\/#\/schema\/person\/db1710d288359b18ae679882382c9a68","name":"Hotel Ravizza","image":{"@type":"ImageObject","inLanguage":"fr-FR","@id":"https:\/\/secure.gravatar.com\/avatar\/447fa6dac0d0c8dbfd09ea848ad0660f44bce639d99c05531c4714ec1977a0ec?s=96&d=mm&r=g","url":"https:\/\/secure.gravatar.com\/avatar\/447fa6dac0d0c8dbfd09ea848ad0660f44bce639d99c05531c4714ec1977a0ec?s=96&d=mm&r=g","contentUrl":"https:\/\/secure.gravatar.com\/avatar\/447fa6dac0d0c8dbfd09ea848ad0660f44bce639d99c05531c4714ec1977a0ec?s=96&d=mm&r=g","caption":"Hotel Ravizza"},"url":"https:\/\/palazzoravizza.it\/fr\/author\/hotel-ravizza\/"}]}},"_links":{"self":[{"href":"https:\/\/palazzoravizza.it\/fr\/wp-json\/wp\/v2\/posts\/5035","targetHints":{"allow":["GET"]}}],"collection":[{"href":"https:\/\/palazzoravizza.it\/fr\/wp-json\/wp\/v2\/posts"}],"about":[{"href":"https:\/\/palazzoravizza.it\/fr\/wp-json\/wp\/v2\/types\/post"}],"author":[{"embeddable":true,"href":"https:\/\/palazzoravizza.it\/fr\/wp-json\/wp\/v2\/users\/4"}],"replies":[{"embeddable":true,"href":"https:\/\/palazzoravizza.it\/fr\/wp-json\/wp\/v2\/comments?post=5035"}],"version-history":[{"count":0,"href":"https:\/\/palazzoravizza.it\/fr\/wp-json\/wp\/v2\/posts\/5035\/revisions"}],"wp:featuredmedia":[{"embeddable":true,"href":"https:\/\/palazzoravizza.it\/fr\/wp-json\/wp\/v2\/media\/5022"}],"wp:attachment":[{"href":"https:\/\/palazzoravizza.it\/fr\/wp-json\/wp\/v2\/media?parent=5035"}],"wp:term":[{"taxonomy":"category","embeddable":true,"href":"https:\/\/palazzoravizza.it\/fr\/wp-json\/wp\/v2\/categories?post=5035"},{"taxonomy":"post_tag","embeddable":true,"href":"https:\/\/palazzoravizza.it\/fr\/wp-json\/wp\/v2\/tags?post=5035"}],"curies":[{"name":"wp","href":"https:\/\/api.w.org\/{rel}","templated":true}]}}