{"id":5095,"date":"2017-08-18T18:08:45","date_gmt":"2017-08-18T16:08:45","guid":{"rendered":"https:\/\/palazzoravizza.it\/senza-categoria-fr\/contrada-dellonda-won-the-palio-of-august-2\/"},"modified":"2017-08-19T18:13:14","modified_gmt":"2017-08-19T16:13:14","slug":"contrada-onda-won-the-palio-of-august","status":"publish","type":"post","link":"https:\/\/palazzoravizza.it\/fr\/events-fr\/contrada-onda-won-the-palio-of-august\/","title":{"rendered":"Contrada dell&rsquo;Onda won the Palio of August"},"content":{"rendered":"<p>Twice a year Siena celebrates the Palio, every time in a different way, despite the absolute respect of tradition.<br \/>\nEven on this occasion, the Palio has been an exciting event in which unpredictable events have occurred, so we want to retrace the salient moments of this edition of the <strong>Palio dell&rsquo;Assunta<\/strong>, won by the <strong>Contrada dell&rsquo;Onda<\/strong>.<br \/>\nLet&rsquo;s start from the anniversaries: did you know that this edition was dedicated to <strong>Giovanni Dupr\u00e8<\/strong>, Sienese sculptor, in the bicentennial of his birth?<br \/>\nThis dedication must have brought luck to the winning Contrada, since Dupr\u00e8 belonged to the Onda.<\/p>\n<p><div id=\"attachment_5084\" style=\"width: 810px\" class=\"wp-caption aligncenter\"><img aria-describedby=\"caption-attachment-5084\" class=\"wp-image-5084\" data-original=\"https:\/\/palazzoravizza.it\/wp-content\/uploads\/2017\/08\/Onda-Contrada.jpg\" =\"Contrada dell'Onda won the Palio of August\" width=\"800\" height=\"600\" \/><p id=\"caption-attachment-5084\" class=\"wp-caption-text\">Contrada Onda Credits: K. Lastochka at the English language Wikipedia [GFDL (http:\/\/www.gnu.org\/copyleft\/fdl.html) o CC-BY-SA-3.0 (http:\/\/creativecommons.org\/licenses\/by-sa\/3.0\/)], attraverso Wikimedia Commons<\/p><\/div>Another important anniversary relates to the only woman who ever joined in the Palio as jockey: it was on August 16th 1957 when Rosanna Bonelli, nicknamed Rompicollo, ran the race because of her participation as an actress in the movie \u00ab\u00a0The Girl of the Palio\u00a0\u00bb.<br \/>\nSince then no other woman has ever participated as a jockey, so this event was an exceptional case that, for the time being, doesn&rsquo;t seem to happen again.<br \/>\nAs we have already mentioned many times (for example in <a href=\"https:\/\/palazzoravizza.it\/en\/eventi\/summer-in-siena-highlight-palio-assunta\/\" target=\"_blank\">Palio dell&rsquo;Assunta, the highlight of summer in Siena<\/a>), you cannot define this appointment as a horse race because the whole city is involved all year long in the organization, waiting and hoping to renew each time the \u00ab\u00a0rebirth\u00a0\u00bb of Siena, thanks to the sense of belonging to a Contrada.<\/p>\n<p>For Sienese people, attending the Palio means dressing their most authentic clothes, not a disguise, but an opportunity to feel part of a community that is close and linked to rites, rules and the exclusivity of an event that is unrivaled in the world.<\/p>\n<div id=\"attachment_5086\" style=\"width: 810px\" class=\"wp-caption aligncenter\"><img aria-describedby=\"caption-attachment-5086\" class=\"wp-image-5086\" data-original=\"https:\/\/palazzoravizza.it\/wp-content\/uploads\/2017\/08\/Sfilata-Onda.jpg\" =\"Sfilata della Contrada dell'Onda\" width=\"800\" height=\"532\" \/><p id=\"caption-attachment-5086\" class=\"wp-caption-text\">Sfilata Contrada dell&rsquo;Onda Credits: iltesorodisiena.tumblr.com<\/p><\/div>\n<p>August 16th 2017 will be remembered as the Palio of Carlo Sanna (nicknamed Brigante) and Porto Alabe horse&rsquo;s first victory.<br \/>\nThe horse also holds a special primacy: it has 10 consecutive Palios competing having won only the latter, just in conjunction with another August 16th, because in 2013, the Onda won its last Palio<br \/>\nFor the Onda Contrada is the 41st victory, a result obtained on the third lap of the square, surpassing Elias Mannucci, nicknamed Turbine, of Chiocciola (Contrada of the Snail), up to that point in the race.<br \/>\nLike the Palio on July 2nd, this was also run by 9 Contrade instead of 10, as the Lupa retired because of the heh conditions of the horse Quore de Sedini.<\/p>\n","protected":false},"excerpt":{"rendered":"Twice a year Siena celebrates the Palio, every time in a different way, despite the absolute respect of tradition.\r\nEven on this occasion, the Palio has been an exciting event in which unpredictable events have occurred&#8230;","protected":false},"author":4,"featured_media":5077,"comment_status":"open","ping_status":"open","sticky":false,"template":"","format":"standard","meta":{"footnotes":""},"categories":[68],"tags":[553,1904],"class_list":["post-5095","post","type-post","status-publish","format-standard","has-post-thumbnail","hentry","category-events-fr","tag-palio-of-siena-fr","tag-things-to-know-about-palio-di-siena-fr"],"yoast_head":"<!-- This site is optimized with the Yoast SEO plugin v28.3 - https:\/\/yoast.com\/product\/yoast-seo-wordpress\/ -->\n<title>Contrada dell&#039;Onda won the Palio of August<\/title>\n<meta name=\"description\" content=\"After 4 years, Contrada dell&#039;Onda won the Palio of Siena. Check out our report about this unmissable event!\" \/>\n<meta name=\"robots\" content=\"index, follow, max-snippet:-1, max-image-preview:large, max-video-preview:-1\" \/>\n<link rel=\"canonical\" href=\"https:\/\/palazzoravizza.it\/eventi\/palio-assunta-vince-la-contrada-onda\/\" \/>\n<meta property=\"og:locale\" content=\"fr_FR\" \/>\n<meta property=\"og:type\" content=\"article\" \/>\n<meta property=\"og:title\" content=\"Contrada dell&#039;Onda won the Palio of August\" \/>\n<meta property=\"og:description\" content=\"After 4 years, Contrada dell&#039;Onda won the Palio of Siena. Check out our report about this unmissable event!\" \/>\n<meta property=\"og:url\" content=\"https:\/\/palazzoravizza.it\/eventi\/palio-assunta-vince-la-contrada-onda\/\" \/>\n<meta property=\"og:site_name\" content=\"Palazzo Ravizza\" \/>\n<meta property=\"article:published_time\" content=\"2017-08-18T16:08:45+00:00\" \/>\n<meta property=\"article:modified_time\" content=\"2017-08-19T16:13:14+00:00\" \/>\n<meta property=\"og:image\" content=\"https:\/\/palazzoravizza.it\/wp-content\/uploads\/2017\/08\/Palio-16-agosto-2017-Siena.jpg\" \/>\n\t<meta property=\"og:image:width\" content=\"1435\" \/>\n\t<meta property=\"og:image:height\" content=\"851\" \/>\n\t<meta property=\"og:image:type\" content=\"image\/jpeg\" \/>\n<meta name=\"author\" content=\"Hotel Ravizza\" \/>\n<meta name=\"twitter:label1\" content=\"\u00c9crit par\" \/>\n\t<meta name=\"twitter:data1\" content=\"Hotel Ravizza\" \/>\n\t<meta name=\"twitter:label2\" content=\"Dur\u00e9e de lecture estim\u00e9e\" \/>\n\t<meta name=\"twitter:data2\" content=\"2 minutes\" \/>\n<script type=\"application\/ld+json\" class=\"yoast-schema-graph\">{\"@context\":\"https:\\\/\\\/schema.org\",\"@graph\":[{\"@type\":\"Article\",\"@id\":\"https:\\\/\\\/palazzoravizza.it\\\/eventi\\\/palio-assunta-vince-la-contrada-onda\\\/#article\",\"isPartOf\":{\"@id\":\"https:\\\/\\\/palazzoravizza.it\\\/eventi\\\/palio-assunta-vince-la-contrada-onda\\\/\"},\"author\":{\"name\":\"Hotel Ravizza\",\"@id\":\"https:\\\/\\\/palazzoravizza.it\\\/#\\\/schema\\\/person\\\/db1710d288359b18ae679882382c9a68\"},\"headline\":\"Contrada dell&rsquo;Onda won the Palio of August\",\"datePublished\":\"2017-08-18T16:08:45+00:00\",\"dateModified\":\"2017-08-19T16:13:14+00:00\",\"mainEntityOfPage\":{\"@id\":\"https:\\\/\\\/palazzoravizza.it\\\/eventi\\\/palio-assunta-vince-la-contrada-onda\\\/\"},\"wordCount\":451,\"commentCount\":0,\"image\":{\"@id\":\"https:\\\/\\\/palazzoravizza.it\\\/eventi\\\/palio-assunta-vince-la-contrada-onda\\\/#primaryimage\"},\"thumbnailUrl\":\"https:\\\/\\\/palazzoravizza.it\\\/wp-content\\\/uploads\\\/2017\\\/08\\\/Palio-16-agosto-2017-Siena.jpg\",\"keywords\":[\"palio of siena @fr\",\"things to know about Palio di Siena @fr\"],\"articleSection\":[\"Events @fr\"],\"inLanguage\":\"fr-FR\",\"potentialAction\":[{\"@type\":\"CommentAction\",\"name\":\"Comment\",\"target\":[\"https:\\\/\\\/palazzoravizza.it\\\/eventi\\\/palio-assunta-vince-la-contrada-onda\\\/#respond\"]}]},{\"@type\":\"WebPage\",\"@id\":\"https:\\\/\\\/palazzoravizza.it\\\/eventi\\\/palio-assunta-vince-la-contrada-onda\\\/\",\"url\":\"https:\\\/\\\/palazzoravizza.it\\\/eventi\\\/palio-assunta-vince-la-contrada-onda\\\/\",\"name\":\"Contrada dell'Onda won the Palio of August\",\"isPartOf\":{\"@id\":\"https:\\\/\\\/palazzoravizza.it\\\/#website\"},\"primaryImageOfPage\":{\"@id\":\"https:\\\/\\\/palazzoravizza.it\\\/eventi\\\/palio-assunta-vince-la-contrada-onda\\\/#primaryimage\"},\"image\":{\"@id\":\"https:\\\/\\\/palazzoravizza.it\\\/eventi\\\/palio-assunta-vince-la-contrada-onda\\\/#primaryimage\"},\"thumbnailUrl\":\"https:\\\/\\\/palazzoravizza.it\\\/wp-content\\\/uploads\\\/2017\\\/08\\\/Palio-16-agosto-2017-Siena.jpg\",\"datePublished\":\"2017-08-18T16:08:45+00:00\",\"dateModified\":\"2017-08-19T16:13:14+00:00\",\"author\":{\"@id\":\"https:\\\/\\\/palazzoravizza.it\\\/#\\\/schema\\\/person\\\/db1710d288359b18ae679882382c9a68\"},\"description\":\"After 4 years, Contrada dell'Onda won the Palio of Siena. Check out our report about this unmissable event!\",\"breadcrumb\":{\"@id\":\"https:\\\/\\\/palazzoravizza.it\\\/eventi\\\/palio-assunta-vince-la-contrada-onda\\\/#breadcrumb\"},\"inLanguage\":\"fr-FR\",\"potentialAction\":[{\"@type\":\"ReadAction\",\"target\":[\"https:\\\/\\\/palazzoravizza.it\\\/eventi\\\/palio-assunta-vince-la-contrada-onda\\\/\"]}]},{\"@type\":\"ImageObject\",\"inLanguage\":\"fr-FR\",\"@id\":\"https:\\\/\\\/palazzoravizza.it\\\/eventi\\\/palio-assunta-vince-la-contrada-onda\\\/#primaryimage\",\"url\":\"https:\\\/\\\/palazzoravizza.it\\\/wp-content\\\/uploads\\\/2017\\\/08\\\/Palio-16-agosto-2017-Siena.jpg\",\"contentUrl\":\"https:\\\/\\\/palazzoravizza.it\\\/wp-content\\\/uploads\\\/2017\\\/08\\\/Palio-16-agosto-2017-Siena.jpg\",\"width\":1435,\"height\":851,\"caption\":\"Contrada dell'Onda won the Palio of August\"},{\"@type\":\"BreadcrumbList\",\"@id\":\"https:\\\/\\\/palazzoravizza.it\\\/eventi\\\/palio-assunta-vince-la-contrada-onda\\\/#breadcrumb\",\"itemListElement\":[{\"@type\":\"ListItem\",\"position\":1,\"name\":\"Home\",\"item\":\"https:\\\/\\\/palazzoravizza.it\\\/fr\\\/\"},{\"@type\":\"ListItem\",\"position\":2,\"name\":\"Contrada dell&#8217;Onda won the Palio of August\"}]},{\"@type\":\"WebSite\",\"@id\":\"https:\\\/\\\/palazzoravizza.it\\\/#website\",\"url\":\"https:\\\/\\\/palazzoravizza.it\\\/\",\"name\":\"Palazzo Ravizza\",\"description\":\"\",\"potentialAction\":[{\"@type\":\"SearchAction\",\"target\":{\"@type\":\"EntryPoint\",\"urlTemplate\":\"https:\\\/\\\/palazzoravizza.it\\\/?s={search_term_string}\"},\"query-input\":{\"@type\":\"PropertyValueSpecification\",\"valueRequired\":true,\"valueName\":\"search_term_string\"}}],\"inLanguage\":\"fr-FR\"},{\"@type\":\"Person\",\"@id\":\"https:\\\/\\\/palazzoravizza.it\\\/#\\\/schema\\\/person\\\/db1710d288359b18ae679882382c9a68\",\"name\":\"Hotel Ravizza\",\"image\":{\"@type\":\"ImageObject\",\"inLanguage\":\"fr-FR\",\"@id\":\"https:\\\/\\\/secure.gravatar.com\\\/avatar\\\/447fa6dac0d0c8dbfd09ea848ad0660f44bce639d99c05531c4714ec1977a0ec?s=96&d=mm&r=g\",\"url\":\"https:\\\/\\\/secure.gravatar.com\\\/avatar\\\/447fa6dac0d0c8dbfd09ea848ad0660f44bce639d99c05531c4714ec1977a0ec?s=96&d=mm&r=g\",\"contentUrl\":\"https:\\\/\\\/secure.gravatar.com\\\/avatar\\\/447fa6dac0d0c8dbfd09ea848ad0660f44bce639d99c05531c4714ec1977a0ec?s=96&d=mm&r=g\",\"caption\":\"Hotel Ravizza\"},\"url\":\"https:\\\/\\\/palazzoravizza.it\\\/fr\\\/author\\\/hotel-ravizza\\\/\"}]}<\/script>\n<!-- \/ Yoast SEO plugin. -->","yoast_head_json":{"title":"Contrada dell'Onda won the Palio of August","description":"After 4 years, Contrada dell'Onda won the Palio of Siena. Check out our report about this unmissable event!","robots":{"index":"index","follow":"follow","max-snippet":"max-snippet:-1","max-image-preview":"max-image-preview:large","max-video-preview":"max-video-preview:-1"},"canonical":"https:\/\/palazzoravizza.it\/eventi\/palio-assunta-vince-la-contrada-onda\/","og_locale":"fr_FR","og_type":"article","og_title":"Contrada dell'Onda won the Palio of August","og_description":"After 4 years, Contrada dell'Onda won the Palio of Siena. Check out our report about this unmissable event!","og_url":"https:\/\/palazzoravizza.it\/eventi\/palio-assunta-vince-la-contrada-onda\/","og_site_name":"Palazzo Ravizza","article_published_time":"2017-08-18T16:08:45+00:00","article_modified_time":"2017-08-19T16:13:14+00:00","og_image":[{"width":1435,"height":851,"url":"https:\/\/palazzoravizza.it\/wp-content\/uploads\/2017\/08\/Palio-16-agosto-2017-Siena.jpg","type":"image\/jpeg"}],"author":"Hotel Ravizza","twitter_misc":{"\u00c9crit par":"Hotel Ravizza","Dur\u00e9e de lecture estim\u00e9e":"2 minutes"},"schema":{"@context":"https:\/\/schema.org","@graph":[{"@type":"Article","@id":"https:\/\/palazzoravizza.it\/eventi\/palio-assunta-vince-la-contrada-onda\/#article","isPartOf":{"@id":"https:\/\/palazzoravizza.it\/eventi\/palio-assunta-vince-la-contrada-onda\/"},"author":{"name":"Hotel Ravizza","@id":"https:\/\/palazzoravizza.it\/#\/schema\/person\/db1710d288359b18ae679882382c9a68"},"headline":"Contrada dell&rsquo;Onda won the Palio of August","datePublished":"2017-08-18T16:08:45+00:00","dateModified":"2017-08-19T16:13:14+00:00","mainEntityOfPage":{"@id":"https:\/\/palazzoravizza.it\/eventi\/palio-assunta-vince-la-contrada-onda\/"},"wordCount":451,"commentCount":0,"image":{"@id":"https:\/\/palazzoravizza.it\/eventi\/palio-assunta-vince-la-contrada-onda\/#primaryimage"},"thumbnailUrl":"https:\/\/palazzoravizza.it\/wp-content\/uploads\/2017\/08\/Palio-16-agosto-2017-Siena.jpg","keywords":["palio of siena @fr","things to know about Palio di Siena @fr"],"articleSection":["Events @fr"],"inLanguage":"fr-FR","potentialAction":[{"@type":"CommentAction","name":"Comment","target":["https:\/\/palazzoravizza.it\/eventi\/palio-assunta-vince-la-contrada-onda\/#respond"]}]},{"@type":"WebPage","@id":"https:\/\/palazzoravizza.it\/eventi\/palio-assunta-vince-la-contrada-onda\/","url":"https:\/\/palazzoravizza.it\/eventi\/palio-assunta-vince-la-contrada-onda\/","name":"Contrada dell'Onda won the Palio of August","isPartOf":{"@id":"https:\/\/palazzoravizza.it\/#website"},"primaryImageOfPage":{"@id":"https:\/\/palazzoravizza.it\/eventi\/palio-assunta-vince-la-contrada-onda\/#primaryimage"},"image":{"@id":"https:\/\/palazzoravizza.it\/eventi\/palio-assunta-vince-la-contrada-onda\/#primaryimage"},"thumbnailUrl":"https:\/\/palazzoravizza.it\/wp-content\/uploads\/2017\/08\/Palio-16-agosto-2017-Siena.jpg","datePublished":"2017-08-18T16:08:45+00:00","dateModified":"2017-08-19T16:13:14+00:00","author":{"@id":"https:\/\/palazzoravizza.it\/#\/schema\/person\/db1710d288359b18ae679882382c9a68"},"description":"After 4 years, Contrada dell'Onda won the Palio of Siena. Check out our report about this unmissable event!","breadcrumb":{"@id":"https:\/\/palazzoravizza.it\/eventi\/palio-assunta-vince-la-contrada-onda\/#breadcrumb"},"inLanguage":"fr-FR","potentialAction":[{"@type":"ReadAction","target":["https:\/\/palazzoravizza.it\/eventi\/palio-assunta-vince-la-contrada-onda\/"]}]},{"@type":"ImageObject","inLanguage":"fr-FR","@id":"https:\/\/palazzoravizza.it\/eventi\/palio-assunta-vince-la-contrada-onda\/#primaryimage","url":"https:\/\/palazzoravizza.it\/wp-content\/uploads\/2017\/08\/Palio-16-agosto-2017-Siena.jpg","contentUrl":"https:\/\/palazzoravizza.it\/wp-content\/uploads\/2017\/08\/Palio-16-agosto-2017-Siena.jpg","width":1435,"height":851,"caption":"Contrada dell'Onda won the Palio of August"},{"@type":"BreadcrumbList","@id":"https:\/\/palazzoravizza.it\/eventi\/palio-assunta-vince-la-contrada-onda\/#breadcrumb","itemListElement":[{"@type":"ListItem","position":1,"name":"Home","item":"https:\/\/palazzoravizza.it\/fr\/"},{"@type":"ListItem","position":2,"name":"Contrada dell&#8217;Onda won the Palio of August"}]},{"@type":"WebSite","@id":"https:\/\/palazzoravizza.it\/#website","url":"https:\/\/palazzoravizza.it\/","name":"Palazzo Ravizza","description":"","potentialAction":[{"@type":"SearchAction","target":{"@type":"EntryPoint","urlTemplate":"https:\/\/palazzoravizza.it\/?s={search_term_string}"},"query-input":{"@type":"PropertyValueSpecification","valueRequired":true,"valueName":"search_term_string"}}],"inLanguage":"fr-FR"},{"@type":"Person","@id":"https:\/\/palazzoravizza.it\/#\/schema\/person\/db1710d288359b18ae679882382c9a68","name":"Hotel Ravizza","image":{"@type":"ImageObject","inLanguage":"fr-FR","@id":"https:\/\/secure.gravatar.com\/avatar\/447fa6dac0d0c8dbfd09ea848ad0660f44bce639d99c05531c4714ec1977a0ec?s=96&d=mm&r=g","url":"https:\/\/secure.gravatar.com\/avatar\/447fa6dac0d0c8dbfd09ea848ad0660f44bce639d99c05531c4714ec1977a0ec?s=96&d=mm&r=g","contentUrl":"https:\/\/secure.gravatar.com\/avatar\/447fa6dac0d0c8dbfd09ea848ad0660f44bce639d99c05531c4714ec1977a0ec?s=96&d=mm&r=g","caption":"Hotel Ravizza"},"url":"https:\/\/palazzoravizza.it\/fr\/author\/hotel-ravizza\/"}]}},"_links":{"self":[{"href":"https:\/\/palazzoravizza.it\/fr\/wp-json\/wp\/v2\/posts\/5095","targetHints":{"allow":["GET"]}}],"collection":[{"href":"https:\/\/palazzoravizza.it\/fr\/wp-json\/wp\/v2\/posts"}],"about":[{"href":"https:\/\/palazzoravizza.it\/fr\/wp-json\/wp\/v2\/types\/post"}],"author":[{"embeddable":true,"href":"https:\/\/palazzoravizza.it\/fr\/wp-json\/wp\/v2\/users\/4"}],"replies":[{"embeddable":true,"href":"https:\/\/palazzoravizza.it\/fr\/wp-json\/wp\/v2\/comments?post=5095"}],"version-history":[{"count":1,"href":"https:\/\/palazzoravizza.it\/fr\/wp-json\/wp\/v2\/posts\/5095\/revisions"}],"predecessor-version":[{"id":5099,"href":"https:\/\/palazzoravizza.it\/fr\/wp-json\/wp\/v2\/posts\/5095\/revisions\/5099"}],"wp:featuredmedia":[{"embeddable":true,"href":"https:\/\/palazzoravizza.it\/fr\/wp-json\/wp\/v2\/media\/5077"}],"wp:attachment":[{"href":"https:\/\/palazzoravizza.it\/fr\/wp-json\/wp\/v2\/media?parent=5095"}],"wp:term":[{"taxonomy":"category","embeddable":true,"href":"https:\/\/palazzoravizza.it\/fr\/wp-json\/wp\/v2\/categories?post=5095"},{"taxonomy":"post_tag","embeddable":true,"href":"https:\/\/palazzoravizza.it\/fr\/wp-json\/wp\/v2\/tags?post=5095"}],"curies":[{"name":"wp","href":"https:\/\/api.w.org\/{rel}","templated":true}]}}